{"id":1978,"date":"2015-11-03T05:29:17","date_gmt":"2015-11-03T05:29:17","guid":{"rendered":"http:\/\/www.mytwostotinki.com\/?p=1978"},"modified":"2015-11-18T09:53:21","modified_gmt":"2015-11-18T09:53:21","slug":"schilleriana-or-the-pleasures-of-a-literary-archive","status":"publish","type":"post","link":"http:\/\/www.mytwostotinki.com\/?p=1978","title":{"rendered":"Schilleriana or The Pleasures of a Literary Archive"},"content":{"rendered":"<p><a href=\"http:\/\/www.mytwostotinki.com\/wp-content\/uploads\/2015\/09\/literatur_2015_gold-2.jpg\"><img loading=\"lazy\" class=\"alignnone size-medium wp-image-1895\" src=\"http:\/\/www.mytwostotinki.com\/wp-content\/uploads\/2015\/09\/literatur_2015_gold-2-300x136.jpg\" alt=\"literatur_2015_gold-2\" width=\"300\" height=\"136\" data-wp-pid=\"1895\" srcset=\"http:\/\/www.mytwostotinki.com\/wp-content\/uploads\/2015\/09\/literatur_2015_gold-2-300x136.jpg 300w, http:\/\/www.mytwostotinki.com\/wp-content\/uploads\/2015\/09\/literatur_2015_gold-2-133x60.jpg 133w, http:\/\/www.mytwostotinki.com\/wp-content\/uploads\/2015\/09\/literatur_2015_gold-2.jpg 567w\" sizes=\"(max-width: 300px) 100vw, 300px\" \/><\/a><\/p>\n<p><strong><em>This blog post is part of the German Literature Month, hosted by Lizzie (<a title=\"Lizzie's Literary Life\" href=\"http:\/\/lizzysiddal.wordpress.com\/\" target=\"_blank\">Lizzies Literary Life<\/a>)\u00a0and Caroline (<a title=\"Beauty Is a Sleeping Cat\" href=\"http:\/\/beautyisasleepingcat.wordpress.com\/\" target=\"_blank\">Beauty is a Sleeping Cat<\/a>)<\/em><\/strong><\/p>\n<p><strong>Friedrich Schiller Week opens the German Literary Month this year officially and I am looking forward to reading what my blogger colleagues will post in this context. Lizzie, one of the co-hosts of German Literary Month has just published a very interesting <a href=\"https:\/\/lizzysiddal.wordpress.com\/2015\/11\/01\/a-z-schiller\/\" target=\"_blank\">introduction to Schiller\u2019s life and works<\/a>, obviously inspired by a recent visit in Weimar.<\/strong><\/p>\n<p><strong>Weimar is definitely worth a visit and not only because of Schiller as you know. But there is a second place which can be similarly inspiring if you are interested in the work of this literary genius: Marbach am Neckar, his birthplace. It is not only the house in which he was born but of course also the Deutsches Literatur Archiv (German Literary Archive; address: Schillerh\u00f6he 8-10) that preserves an incredible amount of manuscripts and belongings of German writers, and that showcases frequently extremely interesting exhibitions. The catalogues and other publications of the Archive are a treasure for those that are interested in German literature (and with a knowledge of German).<\/strong><\/p>\n<p>&#8212;<\/p>\n<p><strong>Great plans and projects: Schiller was usually thinking big. But the fact that he was not wealthy and his life a permanent struggle to secure an income and regular employment influenced his writing. For some time he took a break from drama writing in order to focus on the more lucrative publication of historical works. These tensions between his idealistic plans and his precarious existence as a writer who was not independent from market requirements were in 2005 the subject of an important exhibition at the Deutsches Literatur Archiv (DLA), and the beautiful catalogue is a treat for Schiller fans.<\/strong><\/p>\n<p><a href=\"http:\/\/www.mytwostotinki.com\/wp-content\/uploads\/2015\/11\/G\u00f6tterpl\u00e4ne-M\u00e4usegesch\u00e4fte.jpg\"><img loading=\"lazy\" class=\"alignnone size-full wp-image-1983\" src=\"http:\/\/www.mytwostotinki.com\/wp-content\/uploads\/2015\/11\/G\u00f6tterpl\u00e4ne-M\u00e4usegesch\u00e4fte.jpg\" alt=\"G\u00f6tterpl\u00e4ne &amp; M\u00e4usegesch\u00e4fte\" width=\"150\" height=\"169\" data-wp-pid=\"1983\" srcset=\"http:\/\/www.mytwostotinki.com\/wp-content\/uploads\/2015\/11\/G\u00f6tterpl\u00e4ne-M\u00e4usegesch\u00e4fte.jpg 150w, http:\/\/www.mytwostotinki.com\/wp-content\/uploads\/2015\/11\/G\u00f6tterpl\u00e4ne-M\u00e4usegesch\u00e4fte-133x150.jpg 133w\" sizes=\"(max-width: 150px) 100vw, 150px\" \/><\/a><\/p>\n<p><em><strong>Frank Druffner und Martin Schalhorn: G\u00f6tterpl\u00e4ne &amp; M\u00e4usegesch\u00e4fte. Schiller 1759\u20131805, 2nd edition, Marbacher Katalog 58, Deutsche Schillergesellschaft Marbach 2005<\/strong><\/em><\/p>\n<p>&#8212;<\/p>\n<p><strong>It was for sure a very tough experience for Johann Caspar Schiller, Friedrich\u2019s father, when his son \u2013 then a regiment doctor &#8211; deserted from the army and fled W\u00fcrttemberg. Not only was Johann Caspar a loyal officer in the same army from which his son ran away, he was also for 21 years the responsible supervisor of the Duke\u2019s garden at Schloss Solitude and therefore in a quite close working and personal relationship with the Duke and thus in a particularly delicate position. The letters written by the father to his famous son are interesting documents; while after young Schiller\u2019s desertion shame and disappointment are the dominating feelings from Johann Caspar\u2018s side, he had later to acknowledge that his son achieved more than his father could hope for.<\/strong><\/p>\n<p><a href=\"http:\/\/www.mytwostotinki.com\/wp-content\/uploads\/2015\/11\/Johann-Caspar-Schiller.jpg\"><img loading=\"lazy\" class=\"alignnone size-full wp-image-1984\" src=\"http:\/\/www.mytwostotinki.com\/wp-content\/uploads\/2015\/11\/Johann-Caspar-Schiller.jpg\" alt=\"Johann Caspar Schiller\" width=\"150\" height=\"222\" data-wp-pid=\"1984\" srcset=\"http:\/\/www.mytwostotinki.com\/wp-content\/uploads\/2015\/11\/Johann-Caspar-Schiller.jpg 150w, http:\/\/www.mytwostotinki.com\/wp-content\/uploads\/2015\/11\/Johann-Caspar-Schiller-133x197.jpg 133w\" sizes=\"(max-width: 150px) 100vw, 150px\" \/><\/a><\/p>\n<p><em><strong>Jean-Baptiste Joly: Johann Caspar Schiller auf der Solitude, Spuren 27, Deutsche Schillergesellschaft Marbach 1994<\/strong><\/em><\/p>\n<p>&#8212;<\/p>\n<p><strong>Schiller\u2019s older sister Christophine wrote memoirs of Schiller\u2019s youth which are a valuable source for Schiller scholars. Although she was like most women of her time forced to lead a life according to social conventions that limited women mainly to homework, education of children and representative tasks, she had an artistic talent of her own, as her drawings and watercolors that are in the possession of the DLA show. The reproductions of her works are one of the highlights of a small catalogue dedicated to her.<\/strong><\/p>\n<p><a href=\"http:\/\/www.mytwostotinki.com\/wp-content\/uploads\/2015\/11\/Schiller3.jpg\"><img loading=\"lazy\" class=\"alignnone size-full wp-image-1985\" src=\"http:\/\/www.mytwostotinki.com\/wp-content\/uploads\/2015\/11\/Schiller3.jpg\" alt=\"Schiller3\" width=\"155\" height=\"240\" data-wp-pid=\"1985\" srcset=\"http:\/\/www.mytwostotinki.com\/wp-content\/uploads\/2015\/11\/Schiller3.jpg 155w, http:\/\/www.mytwostotinki.com\/wp-content\/uploads\/2015\/11\/Schiller3-129x200.jpg 129w\" sizes=\"(max-width: 155px) 100vw, 155px\" \/><\/a><\/p>\n<p><em><strong>Edda Ziegler in cooperation with Michael Davidis: \u00bbTheuerste Schwester\u00ab. Christophine Reinwald, geb. Schiller, Marbacher Magazin 118, Deutsche Schillergesellschaft Marbach 2007<\/strong><\/em><\/p>\n<p>&#8212;<\/p>\n<p><strong>The catalogue \u201eAus dem Leben eines Hofrats\u201c is the indispensable guide book if you visit the Schiller House in Marbach in which Friedrich Schiller was born.<\/strong><\/p>\n<p><a href=\"http:\/\/www.mytwostotinki.com\/wp-content\/uploads\/2015\/11\/Schiller4.jpg\"><img loading=\"lazy\" class=\"alignnone size-full wp-image-1986\" src=\"http:\/\/www.mytwostotinki.com\/wp-content\/uploads\/2015\/11\/Schiller4.jpg\" alt=\"Schiller4\" width=\"96\" height=\"150\" data-wp-pid=\"1986\" \/><\/a><\/p>\n<p><em><strong>Michael Davidis and Sabine Fischer: Aus dem Hausrat eines Hofrats, Marbacher Magazin 77, Deutsche Schillergesellschaft Marbach 1997<\/strong><\/em><\/p>\n<p>&#8212;<\/p>\n<p><strong>An original way to approach the person Schiller and his work is via some of his belongings which are now a part of the DLA collection: a hat, headband, three vests, two pairs of pants, two pairs of socks, seven shoe buckles, finger rings, hand warmers, toothpicks, dressing gown button and pocket, a walking stick and numerous curls attributed to him \u2013 all of these items have their own history, a history that says a lot about the person Schiller and about his work.<\/strong><\/p>\n<p><a href=\"http:\/\/www.mytwostotinki.com\/wp-content\/uploads\/2015\/11\/Schiller5.jpg\"><img loading=\"lazy\" class=\"alignnone size-full wp-image-1987\" src=\"http:\/\/www.mytwostotinki.com\/wp-content\/uploads\/2015\/11\/Schiller5.jpg\" alt=\"Schiller5\" width=\"158\" height=\"240\" data-wp-pid=\"1987\" \/><\/a><\/p>\n<p><em><strong>Heike Gfrereis, with an essay by Wilhelm Genazino: Autopsie Schiller. Eine literarische Untersuchung, Marbacher Magazin 125\/126, Deutsche Schillergesellschaft Marbach 2009<\/strong><\/em><\/p>\n<p>&#8212;<\/p>\n<p><strong>While still in W\u00fcrttemberg, Schiller visited the poet, journalist and musician Christian Friedrich Daniel Schubart in his prison at Hohenasperg in November 1781. Schubart was incarcerated for ten years without trial and verdict, the most famous victim of the \u201ejustice\u201c of Duke Carl Eugen. A slender booklet informs the reader about this fascinating episode in Schiller\u2019s life that triggered his escape from the Duke\u2019s service and that left literary traces especially in Schiller\u2019s play \u201eKabale und Liebe\u201c.<\/strong><\/p>\n<p><a href=\"http:\/\/www.mytwostotinki.com\/wp-content\/uploads\/2015\/11\/Schiller6.jpg\"><img loading=\"lazy\" class=\"alignnone size-full wp-image-1988\" src=\"http:\/\/www.mytwostotinki.com\/wp-content\/uploads\/2015\/11\/Schiller6.jpg\" alt=\"Schiller6\" width=\"160\" height=\"237\" data-wp-pid=\"1988\" srcset=\"http:\/\/www.mytwostotinki.com\/wp-content\/uploads\/2015\/11\/Schiller6.jpg 160w, http:\/\/www.mytwostotinki.com\/wp-content\/uploads\/2015\/11\/Schiller6-133x197.jpg 133w\" sizes=\"(max-width: 160px) 100vw, 160px\" \/><\/a><\/p>\n<p><em><strong>Wolfgang Ranke: Schiller, Schubart und der Hohenasperg, Spuren 86, Deutsche Schillergesellschaft Marbach 2009<\/strong><\/em><\/p>\n<p>&#8212;<\/p>\n<p><strong>From September 1793 to May 1794, Schiller could visit for the first time after his desertion his home region again. On May, 4, briefly before Schiller\u2019s return to Jena, the then almost unknown publisher Johann Friedrich Cotta invites Schiller on a coach ride from Stuttgart to Untert\u00fcrkheim and to the Kahlenstein hill near Cannstatt. During this day trip, the two men discussed Schiller\u2019s plan for his new journal project \u201eDie Horen\u201c. It turned out that this ride was the beginning of a long friendship and a for both sides very\u00a0fruitful author-publisher relationship. A small booklet documents this crucial moment in Schiller\u2019s life.<\/strong><\/p>\n<p><a href=\"http:\/\/www.mytwostotinki.com\/wp-content\/uploads\/2015\/11\/Schiller7.jpg\"><img loading=\"lazy\" class=\"alignnone size-full wp-image-1989\" src=\"http:\/\/www.mytwostotinki.com\/wp-content\/uploads\/2015\/11\/Schiller7.jpg\" alt=\"Schiller7\" width=\"150\" height=\"223\" data-wp-pid=\"1989\" srcset=\"http:\/\/www.mytwostotinki.com\/wp-content\/uploads\/2015\/11\/Schiller7.jpg 150w, http:\/\/www.mytwostotinki.com\/wp-content\/uploads\/2015\/11\/Schiller7-133x198.jpg 133w\" sizes=\"(max-width: 150px) 100vw, 150px\" \/><\/a><\/p>\n<p><em><strong>Martin Schalhorn: Ein Sonntagsausflug von Schiller und Cotta nach Untert\u00fcrkheim am 4. Mai 1794, Spuren 69, Deutsche Schillergesellschaft Marbach 2006<\/strong><\/em><\/p>\n<p>&#8212;<\/p>\n<p><strong>In May 1804, Schiller visited Berlin for about two weeks. This time is extremely well documented \u2013 whom he met, what theatre and opera performances he visited, where he had dinner and what was going on regarding his planned academic posting to Berlin. All this from Schiller\u2019s own notebooks and other sources, but also a comparison of the intellectual climate of Berlin and Weimar and beautiful illustrations you can find in another nice exhibition catalogue.<\/strong><\/p>\n<p><a href=\"http:\/\/www.mytwostotinki.com\/wp-content\/uploads\/2015\/11\/Schiller9.jpg\"><img loading=\"lazy\" class=\"alignnone size-full wp-image-1992\" src=\"http:\/\/www.mytwostotinki.com\/wp-content\/uploads\/2015\/11\/Schiller9.jpg\" alt=\"Schiller9\" width=\"150\" height=\"230\" data-wp-pid=\"1992\" srcset=\"http:\/\/www.mytwostotinki.com\/wp-content\/uploads\/2015\/11\/Schiller9.jpg 150w, http:\/\/www.mytwostotinki.com\/wp-content\/uploads\/2015\/11\/Schiller9-130x200.jpg 130w\" sizes=\"(max-width: 150px) 100vw, 150px\" \/><\/a><\/p>\n<p><em><strong>Michael Bienert: Schiller in Berlin oder Das rege Leben einer gro\u00dfen Stadt, 2nd edition, Marbacher Magazin 106, Deutsche Schillergesellschaft Marbach 2005<\/strong><\/em><\/p>\n<p>&#8212;<\/p>\n<p><strong>Until the first half of the 19th century, monuments were only erected in honor of Kings or other aristocratic persons. The Schiller Monument in Stuttgart, created by Bertel Thorvaldsen and inaugurated in May 1839 was the first public monument in Germany in honor of a poet and had therefore a great impact for the democratization of <em>Erinnerungskultur<\/em> (memorial culture). A small booklet describes the public contemporary debate that preceded and followed the inauguration of the Schiller monument in Stuttgart.<\/strong><\/p>\n<p><a href=\"http:\/\/www.mytwostotinki.com\/wp-content\/uploads\/2015\/11\/Schiller8.jpg\"><img loading=\"lazy\" class=\"alignnone size-full wp-image-1990\" src=\"http:\/\/www.mytwostotinki.com\/wp-content\/uploads\/2015\/11\/Schiller8.jpg\" alt=\"Schiller8\" width=\"150\" height=\"221\" data-wp-pid=\"1990\" srcset=\"http:\/\/www.mytwostotinki.com\/wp-content\/uploads\/2015\/11\/Schiller8.jpg 150w, http:\/\/www.mytwostotinki.com\/wp-content\/uploads\/2015\/11\/Schiller8-133x196.jpg 133w\" sizes=\"(max-width: 150px) 100vw, 150px\" \/><\/a><\/p>\n<p><em><strong>Michael Davidis: 150 Jahre Schiller-Denkmal in Stuttgart, Spuren 4, Deutsche Schillergesellschaft Marbach 1989<\/strong><\/em><\/p>\n<p>&#8212;<\/p>\n<p><strong>All publications are available directly from the <a href=\"https:\/\/www.dla-marbach.de\/shop\/\" target=\"_blank\">DLA online shop<\/a>\u00a0or at the DLA premises in Marbach.<\/strong><\/p>\n<p>&#8212;<\/p>\n<p><strong>A lot of Schiller, I know. If you are now feeling inspired to write like him, buy yourself an antique standing secretary desk as was used by Schiller (and Goethe), and get in Marbach one of those neat nibs he used for writing (9 Euro; it comes with a small gift case and description).<\/strong><\/p>\n<p><strong>But don\u2019t forget the famous rotten apples for a really authentic Schiller feeling!<\/strong><\/p>\n<pre><strong>\u00a9 Thomas H\u00fcbner\u00a0and mytwostotinki.com, 2014-5. Unauthorized use and\/or duplication of this material without expressed and written permission from this blog\u2019s author and\/or owner is strictly prohibited. Excerpts and links may be used, provided that full and clear credit is given to Thomas H\u00fcbner\u00a0and mytwostotinki.com with appropriate and specific direction to the original content.<\/strong><\/pre>\n<p>&nbsp;<\/p>\n<!-- AddThis Advanced Settings generic via filter on the_content --><div class=\"dmrights_badge\">\r\n\t\t<script type=\"text\/javascript\">\r\n\t\t\tcatalogCode = \"AAA-1100-01\"\t\t\r\n \t\t<\/script> \r\n\t\t<div id=\"DMR-seal\"><\/div>\r\n\t\t<script type=\"text\/javascript\" src=\"http:\/\/ipregistry_wp.dmrights.com\/dmr.js\"><\/script>\r\n\t\t<\/div><br \/>","protected":false},"excerpt":{"rendered":"<p>This blog post is part of the German Literature Month, hosted by Lizzie (Lizzies Literary Life)\u00a0and Caroline (Beauty is a Sleeping Cat) Friedrich Schiller Week opens the German Literary Month this year officially and I am looking forward to reading what my blogger colleagues will post in this context. Lizzie, one of the co-hosts of [&hellip;]<!-- AddThis Advanced Settings generic via filter on wp_trim_excerpt --><\/p>\n","protected":false},"author":1,"featured_media":0,"comment_status":"open","ping_status":"open","sticky":false,"template":"","format":"standard","meta":{"spay_email":"","jetpack_publicize_message":"","jetpack_is_tweetstorm":false,"jetpack_publicize_feature_enabled":true},"categories":[12,129],"tags":[937,961,955,960,954,894,581,958,959,126,956,957],"jetpack_featured_media_url":"","jetpack_publicize_connections":[],"jetpack_sharing_enabled":true,"jetpack_shortlink":"https:\/\/wp.me\/p4yNbb-vU","_links":{"self":[{"href":"http:\/\/www.mytwostotinki.com\/index.php?rest_route=\/wp\/v2\/posts\/1978"}],"collection":[{"href":"http:\/\/www.mytwostotinki.com\/index.php?rest_route=\/wp\/v2\/posts"}],"about":[{"href":"http:\/\/www.mytwostotinki.com\/index.php?rest_route=\/wp\/v2\/types\/post"}],"author":[{"embeddable":true,"href":"http:\/\/www.mytwostotinki.com\/index.php?rest_route=\/wp\/v2\/users\/1"}],"replies":[{"embeddable":true,"href":"http:\/\/www.mytwostotinki.com\/index.php?rest_route=%2Fwp%2Fv2%2Fcomments&post=1978"}],"version-history":[{"count":15,"href":"http:\/\/www.mytwostotinki.com\/index.php?rest_route=\/wp\/v2\/posts\/1978\/revisions"}],"predecessor-version":[{"id":2045,"href":"http:\/\/www.mytwostotinki.com\/index.php?rest_route=\/wp\/v2\/posts\/1978\/revisions\/2045"}],"wp:attachment":[{"href":"http:\/\/www.mytwostotinki.com\/index.php?rest_route=%2Fwp%2Fv2%2Fmedia&parent=1978"}],"wp:term":[{"taxonomy":"category","embeddable":true,"href":"http:\/\/www.mytwostotinki.com\/index.php?rest_route=%2Fwp%2Fv2%2Fcategories&post=1978"},{"taxonomy":"post_tag","embeddable":true,"href":"http:\/\/www.mytwostotinki.com\/index.php?rest_route=%2Fwp%2Fv2%2Ftags&post=1978"}],"curies":[{"name":"wp","href":"https:\/\/api.w.org\/{rel}","templated":true}]}}