{"id":3601,"date":"2018-03-21T17:23:33","date_gmt":"2018-03-21T17:23:33","guid":{"rendered":"http:\/\/www.mytwostotinki.com\/?p=3601"},"modified":"2018-03-21T17:23:33","modified_gmt":"2018-03-21T17:23:33","slug":"georg-christoph-lichtenberg-zur-tellkamp-debatte","status":"publish","type":"post","link":"http:\/\/www.mytwostotinki.com\/?p=3601","title":{"rendered":"Georg Christoph Lichtenberg zur Tellkamp-Debatte"},"content":{"rendered":"<p><strong>Noch einmal zum Thema Tellkamp:<\/strong><\/p>\n<p><strong>Der Autor des <em>Turm<\/em> ist ja beileibe nicht der erste Schriftsteller, der sich im Politischen mit etwas hervorgetan hat, das man einfach nur als unredlich, \u00e4rgerlich, dumm, verlogen, infam oder perfide bezeichnen kann. Die Liste ist lang und umfasst auch Autoren vom Format eines Thomas Mann (man denke etwa an seine uns\u00e4glichen <em>Betrachtungen eines Unpolitischen<\/em> &#8211; immerhin, und das macht ja einen Teil der Gr\u00f6sse von Thomas Mann aus, hat er diesen Irrtum sp\u00e4ter erkannt und sich zum mutigen Verteidiger der Weimarer Republik gewandelt). Celine ist ein wichtiger Autor, trotz seiner widerlichen <em>Bagatelles pour un massacre<\/em>. Gleiches gilt f\u00fcr Peter Handke &#8211; noch so einer aus der Riege der Sch\u00f6ngeister, die ganz viel Empathie f\u00fcr die Gruppe haben, mit der sie sich identifizieren (in Handkes Fall diejenigen in Belgrad, die die ethnischen S\u00e4uberungen im serbischen Namen und deren Opfer zu verantworten haben) und ein kaltes Herz f\u00fcr die, mit denen er sich aus Denkfaulheit oder Charakterschw\u00e4che nicht befassen will, auch wenn diese Menschen unverschuldet schrecklich gelitten haben; Peter Handke ist in diesem Sinne so etwas wie ein &#8220;Proto-Tellkamp&#8221;. Und auch Tellkamp kann und soll man lesen, auch wenn man jetzt &#8211; nach der intellektuellen und charakterlichen Selbstdemontage des Autors &#8211; seine Werke sicher nicht mehr so unbefangen und naiv lesen kann wie vorher.\u00a0\u00a0<\/strong><\/p>\n<p><strong>Wie so oft, so hilft es auch hier, Georg Christoph Lichtenberg zu Rate zu ziehen. Er schreibt zum Thema:<\/strong><\/p>\n<blockquote><p><strong>&#8220;Viele sogenannte ber\u00fchmte Schriftsteller, in Deutschland wenigstens, sind sehr wenig bedeutende Menschen in Gesellschaft. Es sind blo\u00df ihre B\u00fccher, die Achtung verdienen, nicht sie selbst. Denn sie sind meistens sehr wenig wirklich. Sie m\u00fcssen sich immer erst durch Nachschlagen zu etwas machen, und dann ist es immer wieder das Papier, das sie geschrieben haben. Sie sind elende Ratgeber und seichte Lehrer dem, der sie befragt.&#8221; (Sudelb\u00fccher (K 192)\u00a0<\/strong><\/p><\/blockquote>\n<p><img src=\"https:\/\/www.dtv.de\/_cover_media\/450b\/9783423590754.jpg?20100813153904\" alt=\"Coverbild Sudelb\u00c3\u00bccher I. Sudelb\u00c3\u00bccher II. Materialhefte und Tageb\u00c3\u00bccher. Register zu den Sudelb\u00c3\u00bcchern von Georg Christoph Lichtenberg, Wolfgang Promies (Hrsg.), ISBN-978-3-423-59075-4\" \/><\/p>\n<p><strong>Georg Christoph Lichtenberg:\u00a0Sudelb\u00fccher &#8211;\u00a0Dreib\u00e4ndige Gesamtausgabe, herausgegeben von Wolfgang Promies, dtv 2005\u00a0<\/strong><\/p>\n<pre><strong>\u00a9 Thomas H\u00fcbner\u00a0and mytwostotinki.com, 2014-8. Unauthorized use and\/or duplication of this material without expressed and written permission from this blog\u2019s author and\/or owner is strictly prohibited. Excerpts and links may be used, provided that full and clear credit is given to Thomas H\u00fcbner\u00a0and mytwostotinki.com with appropriate and specific direction to the original content.<\/strong><\/pre>\n<p>&nbsp;<\/p>\n<p>&nbsp;<\/p>\n<!-- AddThis Advanced Settings generic via filter on the_content --><div class=\"dmrights_badge\">\r\n\t\t<script type=\"text\/javascript\">\r\n\t\t\tcatalogCode = \"AAA-1100-01\"\t\t\r\n \t\t<\/script> \r\n\t\t<div id=\"DMR-seal\"><\/div>\r\n\t\t<script type=\"text\/javascript\" src=\"http:\/\/ipregistry_wp.dmrights.com\/dmr.js\"><\/script>\r\n\t\t<\/div><br \/>","protected":false},"excerpt":{"rendered":"<p>Noch einmal zum Thema Tellkamp: Der Autor des Turm ist ja beileibe nicht der erste Schriftsteller, der sich im Politischen mit etwas hervorgetan hat, das man einfach nur als unredlich, \u00e4rgerlich, dumm, verlogen, infam oder perfide bezeichnen kann. Die Liste ist lang und umfasst auch Autoren vom Format eines Thomas Mann (man denke etwa an [&hellip;]<!-- AddThis Advanced Settings generic via filter on wp_trim_excerpt --><\/p>\n","protected":false},"author":1,"featured_media":0,"comment_status":"open","ping_status":"open","sticky":false,"template":"","format":"standard","meta":{"spay_email":"","jetpack_publicize_message":"","jetpack_is_tweetstorm":false,"jetpack_publicize_feature_enabled":true},"categories":[12,276,129,428],"tags":[892,902,547,894,1028,429,356,1808],"jetpack_featured_media_url":"","jetpack_publicize_connections":[],"jetpack_sharing_enabled":true,"jetpack_shortlink":"https:\/\/wp.me\/p4yNbb-W5","_links":{"self":[{"href":"http:\/\/www.mytwostotinki.com\/index.php?rest_route=\/wp\/v2\/posts\/3601"}],"collection":[{"href":"http:\/\/www.mytwostotinki.com\/index.php?rest_route=\/wp\/v2\/posts"}],"about":[{"href":"http:\/\/www.mytwostotinki.com\/index.php?rest_route=\/wp\/v2\/types\/post"}],"author":[{"embeddable":true,"href":"http:\/\/www.mytwostotinki.com\/index.php?rest_route=\/wp\/v2\/users\/1"}],"replies":[{"embeddable":true,"href":"http:\/\/www.mytwostotinki.com\/index.php?rest_route=%2Fwp%2Fv2%2Fcomments&post=3601"}],"version-history":[{"count":3,"href":"http:\/\/www.mytwostotinki.com\/index.php?rest_route=\/wp\/v2\/posts\/3601\/revisions"}],"predecessor-version":[{"id":3604,"href":"http:\/\/www.mytwostotinki.com\/index.php?rest_route=\/wp\/v2\/posts\/3601\/revisions\/3604"}],"wp:attachment":[{"href":"http:\/\/www.mytwostotinki.com\/index.php?rest_route=%2Fwp%2Fv2%2Fmedia&parent=3601"}],"wp:term":[{"taxonomy":"category","embeddable":true,"href":"http:\/\/www.mytwostotinki.com\/index.php?rest_route=%2Fwp%2Fv2%2Fcategories&post=3601"},{"taxonomy":"post_tag","embeddable":true,"href":"http:\/\/www.mytwostotinki.com\/index.php?rest_route=%2Fwp%2Fv2%2Ftags&post=3601"}],"curies":[{"name":"wp","href":"https:\/\/api.w.org\/{rel}","templated":true}]}}